{"id":1901,"date":"2026-09-05T15:04:06","date_gmt":"2026-09-05T13:04:06","guid":{"rendered":"https:\/\/www.laden-treff.de\/d\/?p=1901"},"modified":"2026-09-05T16:13:46","modified_gmt":"2026-09-05T14:13:46","slug":"geburtstagsjubilaeum","status":"publish","type":"post","link":"https:\/\/www.laden-treff.de\/d\/2026\/09\/05\/geburtstagsjubilaeum\/","title":{"rendered":"Geburtstagsjubil\u00e4um"},"content":{"rendered":"\t\t<div data-elementor-type=\"wp-post\" data-elementor-id=\"1901\" class=\"elementor elementor-1901\">\n\t\t\t\t<div class=\"elementor-element elementor-element-e4bb552 e-flex e-con-boxed e-con e-parent\" data-id=\"e4bb552\" data-element_type=\"container\" data-e-type=\"container\">\n\t\t\t\t\t<div class=\"e-con-inner\">\n\t\t\t\t<div class=\"elementor-element elementor-element-d436aaf elementor-widget elementor-widget-spacer\" data-id=\"d436aaf\" data-element_type=\"widget\" data-e-type=\"widget\" data-widget_type=\"spacer.default\">\n\t\t\t\t<div class=\"elementor-widget-container\">\n\t\t\t\t\t\t\t<div class=\"elementor-spacer\">\n\t\t\t<div class=\"elementor-spacer-inner\"><\/div>\n\t\t<\/div>\n\t\t\t\t\t\t<\/div>\n\t\t\t\t<\/div>\n\t\t\t\t\t<\/div>\n\t\t\t\t<\/div>\n\t\t<div class=\"elementor-element elementor-element-b834abf e-flex e-con-boxed e-con e-parent\" data-id=\"b834abf\" data-element_type=\"container\" data-e-type=\"container\">\n\t\t\t\t\t<div class=\"e-con-inner\">\n\t\t\t\t<div class=\"elementor-element elementor-element-f80a6c4 elementor-widget elementor-widget-heading\" data-id=\"f80a6c4\" data-element_type=\"widget\" data-e-type=\"widget\" data-widget_type=\"heading.default\">\n\t\t\t\t<div class=\"elementor-widget-container\">\n\t\t\t\t\t<h1 class=\"elementor-heading-title elementor-size-default\">Ein Jahr LadenTreff Alte Schule<\/h1>\t\t\t\t<\/div>\n\t\t\t\t<\/div>\n\t\t\t\t\t<\/div>\n\t\t\t\t<\/div>\n\t\t<div class=\"elementor-element elementor-element-bc8cc89 e-flex e-con-boxed e-con e-parent\" data-id=\"bc8cc89\" data-element_type=\"container\" data-e-type=\"container\">\n\t\t\t\t\t<div class=\"e-con-inner\">\n\t\t\t\t<div class=\"elementor-element elementor-element-ce64c25 elementor-widget elementor-widget-text-editor\" data-id=\"ce64c25\" data-element_type=\"widget\" data-e-type=\"widget\" data-widget_type=\"text-editor.default\">\n\t\t\t\t<div class=\"elementor-widget-container\">\n\t\t\t\t\t\t\t\t\t<p dir=\"auto\">Am 22. August 2026 haben wir gemeinsam mit der gesamten Dorfgemeinschaft ein gro\u00dfartiges Jubil\u00e4um gefeiert: Unser erstes Jahr mit dem Dorfladen LadenTreff Alte Schule! Von 14 bis 18 Uhr war auf der Wiese hinter dem DGH ordentlich was los und das war genau das, worum es uns geht.<\/p><p dir=\"auto\">Den Auftakt machte um 13:30 Uhr die musikalische Begr\u00fc\u00dfung durch Acoustic Revolver, bevor namhafte G\u00e4ste ihre Gru\u00dfworte sprachen: Gudrun Borchers (Stellvertretende Landr\u00e4tin des Landkreises Northeim), Lars G\u00e4rner (B\u00fcrgermeister der Stadt Hardegsen) und Bernd Kasper (Aufsichtsrat) w\u00fcrdigten unseren bisherigen Weg und das Engagement der Genossenschaft.<\/p><p dir=\"auto\">Das Herz unseres Jubil\u00e4ums schlug bei den selbstgebackenen Kuchen und Torten, die zahlreiche Helfer und Helferinnen mitgebracht hatten. Ganz beeindruckend: <strong>30 k\u00f6stliche Kuchen und Torten<\/strong> wurden vom Dorf beigesteuert! Dazu kamen gro\u00dfartige Grillspezialit\u00e4ten, die f\u00fcr leibliches Wohl sorgten. Das ist unsere St\u00e4rke: gemeinsam genie\u00dfen, gemeinsam feiern.<\/p><p dir=\"auto\">F\u00fcr Unterhaltung sorgte ein abwechslungsreiches Programm mit der Rentnerband G\u00f6ttingen und Golden Girls Weende, w\u00e4hrend die kleinsten Besucher bei Schatzsuche, Schnitzeljagd und Treckerfahrten ihre Freude hatten.<\/p><p dir=\"auto\">Diese Feier war ein wunderbares Zeichen f\u00fcr das, was wir geschaffen haben: einen Ort der Gemeinschaft, wo Menschen zusammenkommen, sich austauschen und f\u00fcreinander einstehen. Dank aller Unterst\u00fctzer, Genossinnen und Genossen sowie allen F\u00f6rderern gemeinsam bauen wir unseren Laden f\u00fcr die Zukunft weiter auf!<\/p>\t\t\t\t\t\t\t\t<\/div>\n\t\t\t\t<\/div>\n\t\t\t\t\t<\/div>\n\t\t\t\t<\/div>\n\t\t<div class=\"elementor-element elementor-element-581ed7c e-flex e-con-boxed e-con e-parent\" data-id=\"581ed7c\" data-element_type=\"container\" data-e-type=\"container\">\n\t\t\t\t\t<div class=\"e-con-inner\">\n\t\t\t\t<div class=\"elementor-element elementor-element-f5f2963 elementor-widget elementor-widget-video\" data-id=\"f5f2963\" data-element_type=\"widget\" data-e-type=\"widget\" data-settings=\"{&quot;video_type&quot;:&quot;hosted&quot;,&quot;controls&quot;:&quot;yes&quot;}\" data-widget_type=\"video.default\">\n\t\t\t\t<div class=\"elementor-widget-container\">\n\t\t\t\t\t\t\t<div class=\"e-hosted-video elementor-wrapper elementor-open-inline\">\n\t\t\t\t\t<video class=\"elementor-video\" src=\"https:\/\/www.laden-treff.de\/d\/wp-content\/uploads\/2026\/09\/4641144D-144E-481F-BD42-6627773B60A5.mp4\" controls=\"\" preload=\"metadata\" controlsList=\"nodownload\" poster=\"https:\/\/www.laden-treff.de\/d\/wp-content\/uploads\/2026\/09\/IMG_3516-scaled.jpg\"><\/video>\n\t\t\t\t<\/div>\n\t\t\t\t\t\t<\/div>\n\t\t\t\t<\/div>\n\t\t\t\t\t<\/div>\n\t\t\t\t<\/div>\n\t\t\t\t<\/div>\n\t\t","protected":false},"excerpt":{"rendered":"<p>Ein Jahr LadenTreff Alte Schule Am 22. August 2026 haben wir gemeinsam mit der gesamten Dorfgemeinschaft ein gro\u00dfartiges Jubil\u00e4um gefeiert: [&hellip;]<\/p>\n","protected":false},"author":5,"featured_media":1917,"comment_status":"closed","ping_status":"open","sticky":false,"template":"elementor_header_footer","format":"standard","meta":{"site-sidebar-layout":"default","site-content-layout":"","ast-site-content-layout":"default","site-content-style":"default","site-sidebar-style":"default","ast-global-header-display":"","ast-banner-title-visibility":"","ast-main-header-display":"","ast-hfb-above-header-display":"","ast-hfb-below-header-display":"","ast-hfb-mobile-header-display":"","site-post-title":"","ast-breadcrumbs-content":"","ast-featured-img":"","footer-sml-layout":"","ast-disable-related-posts":"","theme-transparent-header-meta":"default","adv-header-id-meta":"","stick-header-meta":"","header-above-stick-meta":"","header-main-stick-meta":"","header-below-stick-meta":"","astra-migrate-meta-layouts":"set","ast-page-background-enabled":"default","ast-page-background-meta":{"desktop":{"background-color":"var(--ast-global-color-4)","background-image":"","background-repeat":"repeat","background-position":"center center","background-size":"auto","background-attachment":"scroll","background-type":"","background-media":"","overlay-type":"","overlay-color":"","overlay-opacity":"","overlay-gradient":""},"tablet":{"background-color":"","background-image":"","background-repeat":"repeat","background-position":"center center","background-size":"auto","background-attachment":"scroll","background-type":"","background-media":"","overlay-type":"","overlay-color":"","overlay-opacity":"","overlay-gradient":""},"mobile":{"background-color":"","background-image":"","background-repeat":"repeat","background-position":"center center","background-size":"auto","background-attachment":"scroll","background-type":"","background-media":"","overlay-type":"","overlay-color":"","overlay-opacity":"","overlay-gradient":""}},"ast-content-background-meta":{"desktop":{"background-color":"var(--ast-global-color-5)","background-image":"","background-repeat":"repeat","background-position":"center center","background-size":"auto","background-attachment":"scroll","background-type":"","background-media":"","overlay-type":"","overlay-color":"","overlay-opacity":"","overlay-gradient":""},"tablet":{"background-color":"var(--ast-global-color-5)","background-image":"","background-repeat":"repeat","background-position":"center center","background-size":"auto","background-attachment":"scroll","background-type":"","background-media":"","overlay-type":"","overlay-color":"","overlay-opacity":"","overlay-gradient":""},"mobile":{"background-color":"var(--ast-global-color-5)","background-image":"","background-repeat":"repeat","background-position":"center center","background-size":"auto","background-attachment":"scroll","background-type":"","background-media":"","overlay-type":"","overlay-color":"","overlay-opacity":"","overlay-gradient":""}},"footnotes":""},"categories":[10,1],"tags":[],"class_list":["post-1901","post","type-post","status-publish","format-standard","has-post-thumbnail","hentry","category-aktuelles","category-allgemein"],"yoast_head":"<!-- This site is optimized with the Yoast SEO plugin v28.4 - https:\/\/yoast.com\/product\/yoast-seo-wordpress\/ -->\n<title>Geburtstagsjubil\u00e4um - Ladentreff Alte Schule<\/title>\n<meta name=\"robots\" content=\"index, follow, max-snippet:-1, max-image-preview:large, max-video-preview:-1\" \/>\n<link rel=\"canonical\" href=\"https:\/\/www.laden-treff.de\/d\/2026\/09\/05\/geburtstagsjubilaeum\/\" \/>\n<meta property=\"og:locale\" content=\"de_DE\" \/>\n<meta property=\"og:type\" content=\"article\" \/>\n<meta property=\"og:title\" content=\"Geburtstagsjubil\u00e4um - Ladentreff Alte Schule\" \/>\n<meta property=\"og:description\" content=\"Ein Jahr LadenTreff Alte Schule Am 22. August 2026 haben wir gemeinsam mit der gesamten Dorfgemeinschaft ein gro\u00dfartiges Jubil\u00e4um gefeiert: [&hellip;]\" \/>\n<meta property=\"og:url\" content=\"https:\/\/www.laden-treff.de\/d\/2026\/09\/05\/geburtstagsjubilaeum\/\" \/>\n<meta property=\"og:site_name\" content=\"Ladentreff Alte Schule\" \/>\n<meta property=\"article:publisher\" content=\"https:\/\/www.facebook.com\/ladentreff\/\" \/>\n<meta property=\"article:published_time\" content=\"2026-09-05T13:04:06+00:00\" \/>\n<meta property=\"article:modified_time\" content=\"2026-09-05T14:13:46+00:00\" \/>\n<meta property=\"og:image\" content=\"https:\/\/www.laden-treff.de\/d\/wp-content\/uploads\/2026\/09\/IMG_3520-scaled.jpg\" \/>\n\t<meta property=\"og:image:width\" content=\"2560\" \/>\n\t<meta property=\"og:image:height\" content=\"1920\" \/>\n\t<meta property=\"og:image:type\" content=\"image\/jpeg\" \/>\n<meta name=\"author\" content=\"LadenTreff\" \/>\n<meta name=\"twitter:card\" content=\"summary_large_image\" \/>\n<meta name=\"twitter:label1\" content=\"Verfasst von\" \/>\n\t<meta name=\"twitter:data1\" content=\"LadenTreff\" \/>\n\t<meta name=\"twitter:label2\" content=\"Gesch\u00e4tzte Lesezeit\" \/>\n\t<meta name=\"twitter:data2\" content=\"2\u00a0Minuten\" \/>\n<script type=\"application\/ld+json\" class=\"yoast-schema-graph\">{\"@context\":\"https:\\\/\\\/schema.org\",\"@graph\":[{\"@type\":\"Article\",\"@id\":\"https:\\\/\\\/www.laden-treff.de\\\/d\\\/2026\\\/09\\\/05\\\/geburtstagsjubilaeum\\\/#article\",\"isPartOf\":{\"@id\":\"https:\\\/\\\/www.laden-treff.de\\\/d\\\/2026\\\/09\\\/05\\\/geburtstagsjubilaeum\\\/\"},\"author\":{\"name\":\"LadenTreff\",\"@id\":\"https:\\\/\\\/www.laden-treff.de\\\/d\\\/#\\\/schema\\\/person\\\/25fdc2037453b292bb7f8a688c1dc790\"},\"headline\":\"Geburtstagsjubil\u00e4um\",\"datePublished\":\"2026-09-05T13:04:06+00:00\",\"dateModified\":\"2026-09-05T14:13:46+00:00\",\"mainEntityOfPage\":{\"@id\":\"https:\\\/\\\/www.laden-treff.de\\\/d\\\/2026\\\/09\\\/05\\\/geburtstagsjubilaeum\\\/\"},\"wordCount\":246,\"publisher\":{\"@id\":\"https:\\\/\\\/www.laden-treff.de\\\/d\\\/#organization\"},\"image\":{\"@id\":\"https:\\\/\\\/www.laden-treff.de\\\/d\\\/2026\\\/09\\\/05\\\/geburtstagsjubilaeum\\\/#primaryimage\"},\"thumbnailUrl\":\"https:\\\/\\\/www.laden-treff.de\\\/d\\\/wp-content\\\/uploads\\\/2026\\\/09\\\/IMG_3520-scaled.jpg\",\"articleSection\":[\"Aktuelles\"],\"inLanguage\":\"de\"},{\"@type\":\"WebPage\",\"@id\":\"https:\\\/\\\/www.laden-treff.de\\\/d\\\/2026\\\/09\\\/05\\\/geburtstagsjubilaeum\\\/\",\"url\":\"https:\\\/\\\/www.laden-treff.de\\\/d\\\/2026\\\/09\\\/05\\\/geburtstagsjubilaeum\\\/\",\"name\":\"Geburtstagsjubil\u00e4um - Ladentreff Alte Schule\",\"isPartOf\":{\"@id\":\"https:\\\/\\\/www.laden-treff.de\\\/d\\\/#website\"},\"primaryImageOfPage\":{\"@id\":\"https:\\\/\\\/www.laden-treff.de\\\/d\\\/2026\\\/09\\\/05\\\/geburtstagsjubilaeum\\\/#primaryimage\"},\"image\":{\"@id\":\"https:\\\/\\\/www.laden-treff.de\\\/d\\\/2026\\\/09\\\/05\\\/geburtstagsjubilaeum\\\/#primaryimage\"},\"thumbnailUrl\":\"https:\\\/\\\/www.laden-treff.de\\\/d\\\/wp-content\\\/uploads\\\/2026\\\/09\\\/IMG_3520-scaled.jpg\",\"datePublished\":\"2026-09-05T13:04:06+00:00\",\"dateModified\":\"2026-09-05T14:13:46+00:00\",\"breadcrumb\":{\"@id\":\"https:\\\/\\\/www.laden-treff.de\\\/d\\\/2026\\\/09\\\/05\\\/geburtstagsjubilaeum\\\/#breadcrumb\"},\"inLanguage\":\"de\",\"potentialAction\":[{\"@type\":\"ReadAction\",\"target\":[\"https:\\\/\\\/www.laden-treff.de\\\/d\\\/2026\\\/09\\\/05\\\/geburtstagsjubilaeum\\\/\"]}]},{\"@type\":\"ImageObject\",\"inLanguage\":\"de\",\"@id\":\"https:\\\/\\\/www.laden-treff.de\\\/d\\\/2026\\\/09\\\/05\\\/geburtstagsjubilaeum\\\/#primaryimage\",\"url\":\"https:\\\/\\\/www.laden-treff.de\\\/d\\\/wp-content\\\/uploads\\\/2026\\\/09\\\/IMG_3520-scaled.jpg\",\"contentUrl\":\"https:\\\/\\\/www.laden-treff.de\\\/d\\\/wp-content\\\/uploads\\\/2026\\\/09\\\/IMG_3520-scaled.jpg\",\"width\":2560,\"height\":1920},{\"@type\":\"BreadcrumbList\",\"@id\":\"https:\\\/\\\/www.laden-treff.de\\\/d\\\/2026\\\/09\\\/05\\\/geburtstagsjubilaeum\\\/#breadcrumb\",\"itemListElement\":[{\"@type\":\"ListItem\",\"position\":1,\"name\":\"Startseite\",\"item\":\"https:\\\/\\\/www.laden-treff.de\\\/d\\\/\"},{\"@type\":\"ListItem\",\"position\":2,\"name\":\"Geburtstagsjubil\u00e4um\"}]},{\"@type\":\"WebSite\",\"@id\":\"https:\\\/\\\/www.laden-treff.de\\\/d\\\/#website\",\"url\":\"https:\\\/\\\/www.laden-treff.de\\\/d\\\/\",\"name\":\"LadenTreff Alte Schule\",\"description\":\"Eine Website f\u00fcr den Dorfladen und das Dorfcaf\u00e9\",\"publisher\":{\"@id\":\"https:\\\/\\\/www.laden-treff.de\\\/d\\\/#organization\"},\"potentialAction\":[{\"@type\":\"SearchAction\",\"target\":{\"@type\":\"EntryPoint\",\"urlTemplate\":\"https:\\\/\\\/www.laden-treff.de\\\/d\\\/?s={search_term_string}\"},\"query-input\":{\"@type\":\"PropertyValueSpecification\",\"valueRequired\":true,\"valueName\":\"search_term_string\"}}],\"inLanguage\":\"de\"},{\"@type\":\"Organization\",\"@id\":\"https:\\\/\\\/www.laden-treff.de\\\/d\\\/#organization\",\"name\":\"Genossenschaft LadenTreff Alte Schule eG\",\"url\":\"https:\\\/\\\/www.laden-treff.de\\\/d\\\/\",\"logo\":{\"@type\":\"ImageObject\",\"inLanguage\":\"de\",\"@id\":\"https:\\\/\\\/www.laden-treff.de\\\/d\\\/#\\\/schema\\\/logo\\\/image\\\/\",\"url\":\"https:\\\/\\\/www.laden-treff.de\\\/d\\\/wp-content\\\/uploads\\\/2024\\\/04\\\/LOGO_LADENTREFF_DIN_A_4_CMYK-scaled.png\",\"contentUrl\":\"https:\\\/\\\/www.laden-treff.de\\\/d\\\/wp-content\\\/uploads\\\/2024\\\/04\\\/LOGO_LADENTREFF_DIN_A_4_CMYK-scaled.png\",\"width\":2560,\"height\":2560,\"caption\":\"Genossenschaft LadenTreff Alte Schule eG\"},\"image\":{\"@id\":\"https:\\\/\\\/www.laden-treff.de\\\/d\\\/#\\\/schema\\\/logo\\\/image\\\/\"},\"sameAs\":[\"https:\\\/\\\/www.facebook.com\\\/ladentreff\\\/\"]},{\"@type\":\"Person\",\"@id\":\"https:\\\/\\\/www.laden-treff.de\\\/d\\\/#\\\/schema\\\/person\\\/25fdc2037453b292bb7f8a688c1dc790\",\"name\":\"LadenTreff\",\"image\":{\"@type\":\"ImageObject\",\"inLanguage\":\"de\",\"@id\":\"https:\\\/\\\/secure.gravatar.com\\\/avatar\\\/480372782fe15de68eabf0dded5afec74468674e4cf3f8dce034434dd6e93426?s=96&d=mm&r=g\",\"url\":\"https:\\\/\\\/secure.gravatar.com\\\/avatar\\\/480372782fe15de68eabf0dded5afec74468674e4cf3f8dce034434dd6e93426?s=96&d=mm&r=g\",\"contentUrl\":\"https:\\\/\\\/secure.gravatar.com\\\/avatar\\\/480372782fe15de68eabf0dded5afec74468674e4cf3f8dce034434dd6e93426?s=96&d=mm&r=g\",\"caption\":\"LadenTreff\"},\"url\":\"https:\\\/\\\/www.laden-treff.de\\\/d\\\/author\\\/ladentreff\\\/\"}]}<\/script>\n<!-- \/ Yoast SEO plugin. -->","yoast_head_json":{"title":"Geburtstagsjubil\u00e4um - Ladentreff Alte Schule","robots":{"index":"index","follow":"follow","max-snippet":"max-snippet:-1","max-image-preview":"max-image-preview:large","max-video-preview":"max-video-preview:-1"},"canonical":"https:\/\/www.laden-treff.de\/d\/2026\/09\/05\/geburtstagsjubilaeum\/","og_locale":"de_DE","og_type":"article","og_title":"Geburtstagsjubil\u00e4um - Ladentreff Alte Schule","og_description":"Ein Jahr LadenTreff Alte Schule Am 22. August 2026 haben wir gemeinsam mit der gesamten Dorfgemeinschaft ein gro\u00dfartiges Jubil\u00e4um gefeiert: [&hellip;]","og_url":"https:\/\/www.laden-treff.de\/d\/2026\/09\/05\/geburtstagsjubilaeum\/","og_site_name":"Ladentreff Alte Schule","article_publisher":"https:\/\/www.facebook.com\/ladentreff\/","article_published_time":"2026-09-05T13:04:06+00:00","article_modified_time":"2026-09-05T14:13:46+00:00","og_image":[{"width":2560,"height":1920,"url":"https:\/\/www.laden-treff.de\/d\/wp-content\/uploads\/2026\/09\/IMG_3520-scaled.jpg","type":"image\/jpeg"}],"author":"LadenTreff","twitter_card":"summary_large_image","twitter_misc":{"Verfasst von":"LadenTreff","Gesch\u00e4tzte Lesezeit":"2\u00a0Minuten"},"schema":{"@context":"https:\/\/schema.org","@graph":[{"@type":"Article","@id":"https:\/\/www.laden-treff.de\/d\/2026\/09\/05\/geburtstagsjubilaeum\/#article","isPartOf":{"@id":"https:\/\/www.laden-treff.de\/d\/2026\/09\/05\/geburtstagsjubilaeum\/"},"author":{"name":"LadenTreff","@id":"https:\/\/www.laden-treff.de\/d\/#\/schema\/person\/25fdc2037453b292bb7f8a688c1dc790"},"headline":"Geburtstagsjubil\u00e4um","datePublished":"2026-09-05T13:04:06+00:00","dateModified":"2026-09-05T14:13:46+00:00","mainEntityOfPage":{"@id":"https:\/\/www.laden-treff.de\/d\/2026\/09\/05\/geburtstagsjubilaeum\/"},"wordCount":246,"publisher":{"@id":"https:\/\/www.laden-treff.de\/d\/#organization"},"image":{"@id":"https:\/\/www.laden-treff.de\/d\/2026\/09\/05\/geburtstagsjubilaeum\/#primaryimage"},"thumbnailUrl":"https:\/\/www.laden-treff.de\/d\/wp-content\/uploads\/2026\/09\/IMG_3520-scaled.jpg","articleSection":["Aktuelles"],"inLanguage":"de"},{"@type":"WebPage","@id":"https:\/\/www.laden-treff.de\/d\/2026\/09\/05\/geburtstagsjubilaeum\/","url":"https:\/\/www.laden-treff.de\/d\/2026\/09\/05\/geburtstagsjubilaeum\/","name":"Geburtstagsjubil\u00e4um - Ladentreff Alte Schule","isPartOf":{"@id":"https:\/\/www.laden-treff.de\/d\/#website"},"primaryImageOfPage":{"@id":"https:\/\/www.laden-treff.de\/d\/2026\/09\/05\/geburtstagsjubilaeum\/#primaryimage"},"image":{"@id":"https:\/\/www.laden-treff.de\/d\/2026\/09\/05\/geburtstagsjubilaeum\/#primaryimage"},"thumbnailUrl":"https:\/\/www.laden-treff.de\/d\/wp-content\/uploads\/2026\/09\/IMG_3520-scaled.jpg","datePublished":"2026-09-05T13:04:06+00:00","dateModified":"2026-09-05T14:13:46+00:00","breadcrumb":{"@id":"https:\/\/www.laden-treff.de\/d\/2026\/09\/05\/geburtstagsjubilaeum\/#breadcrumb"},"inLanguage":"de","potentialAction":[{"@type":"ReadAction","target":["https:\/\/www.laden-treff.de\/d\/2026\/09\/05\/geburtstagsjubilaeum\/"]}]},{"@type":"ImageObject","inLanguage":"de","@id":"https:\/\/www.laden-treff.de\/d\/2026\/09\/05\/geburtstagsjubilaeum\/#primaryimage","url":"https:\/\/www.laden-treff.de\/d\/wp-content\/uploads\/2026\/09\/IMG_3520-scaled.jpg","contentUrl":"https:\/\/www.laden-treff.de\/d\/wp-content\/uploads\/2026\/09\/IMG_3520-scaled.jpg","width":2560,"height":1920},{"@type":"BreadcrumbList","@id":"https:\/\/www.laden-treff.de\/d\/2026\/09\/05\/geburtstagsjubilaeum\/#breadcrumb","itemListElement":[{"@type":"ListItem","position":1,"name":"Startseite","item":"https:\/\/www.laden-treff.de\/d\/"},{"@type":"ListItem","position":2,"name":"Geburtstagsjubil\u00e4um"}]},{"@type":"WebSite","@id":"https:\/\/www.laden-treff.de\/d\/#website","url":"https:\/\/www.laden-treff.de\/d\/","name":"LadenTreff Alte Schule","description":"Eine Website f\u00fcr den Dorfladen und das Dorfcaf\u00e9","publisher":{"@id":"https:\/\/www.laden-treff.de\/d\/#organization"},"potentialAction":[{"@type":"SearchAction","target":{"@type":"EntryPoint","urlTemplate":"https:\/\/www.laden-treff.de\/d\/?s={search_term_string}"},"query-input":{"@type":"PropertyValueSpecification","valueRequired":true,"valueName":"search_term_string"}}],"inLanguage":"de"},{"@type":"Organization","@id":"https:\/\/www.laden-treff.de\/d\/#organization","name":"Genossenschaft LadenTreff Alte Schule eG","url":"https:\/\/www.laden-treff.de\/d\/","logo":{"@type":"ImageObject","inLanguage":"de","@id":"https:\/\/www.laden-treff.de\/d\/#\/schema\/logo\/image\/","url":"https:\/\/www.laden-treff.de\/d\/wp-content\/uploads\/2024\/04\/LOGO_LADENTREFF_DIN_A_4_CMYK-scaled.png","contentUrl":"https:\/\/www.laden-treff.de\/d\/wp-content\/uploads\/2024\/04\/LOGO_LADENTREFF_DIN_A_4_CMYK-scaled.png","width":2560,"height":2560,"caption":"Genossenschaft LadenTreff Alte Schule eG"},"image":{"@id":"https:\/\/www.laden-treff.de\/d\/#\/schema\/logo\/image\/"},"sameAs":["https:\/\/www.facebook.com\/ladentreff\/"]},{"@type":"Person","@id":"https:\/\/www.laden-treff.de\/d\/#\/schema\/person\/25fdc2037453b292bb7f8a688c1dc790","name":"LadenTreff","image":{"@type":"ImageObject","inLanguage":"de","@id":"https:\/\/secure.gravatar.com\/avatar\/480372782fe15de68eabf0dded5afec74468674e4cf3f8dce034434dd6e93426?s=96&d=mm&r=g","url":"https:\/\/secure.gravatar.com\/avatar\/480372782fe15de68eabf0dded5afec74468674e4cf3f8dce034434dd6e93426?s=96&d=mm&r=g","contentUrl":"https:\/\/secure.gravatar.com\/avatar\/480372782fe15de68eabf0dded5afec74468674e4cf3f8dce034434dd6e93426?s=96&d=mm&r=g","caption":"LadenTreff"},"url":"https:\/\/www.laden-treff.de\/d\/author\/ladentreff\/"}]}},"_links":{"self":[{"href":"https:\/\/www.laden-treff.de\/d\/wp-json\/wp\/v2\/posts\/1901","targetHints":{"allow":["GET"]}}],"collection":[{"href":"https:\/\/www.laden-treff.de\/d\/wp-json\/wp\/v2\/posts"}],"about":[{"href":"https:\/\/www.laden-treff.de\/d\/wp-json\/wp\/v2\/types\/post"}],"author":[{"embeddable":true,"href":"https:\/\/www.laden-treff.de\/d\/wp-json\/wp\/v2\/users\/5"}],"replies":[{"embeddable":true,"href":"https:\/\/www.laden-treff.de\/d\/wp-json\/wp\/v2\/comments?post=1901"}],"version-history":[{"count":8,"href":"https:\/\/www.laden-treff.de\/d\/wp-json\/wp\/v2\/posts\/1901\/revisions"}],"predecessor-version":[{"id":1918,"href":"https:\/\/www.laden-treff.de\/d\/wp-json\/wp\/v2\/posts\/1901\/revisions\/1918"}],"wp:featuredmedia":[{"embeddable":true,"href":"https:\/\/www.laden-treff.de\/d\/wp-json\/wp\/v2\/media\/1917"}],"wp:attachment":[{"href":"https:\/\/www.laden-treff.de\/d\/wp-json\/wp\/v2\/media?parent=1901"}],"wp:term":[{"taxonomy":"category","embeddable":true,"href":"https:\/\/www.laden-treff.de\/d\/wp-json\/wp\/v2\/categories?post=1901"},{"taxonomy":"post_tag","embeddable":true,"href":"https:\/\/www.laden-treff.de\/d\/wp-json\/wp\/v2\/tags?post=1901"}],"curies":[{"name":"wp","href":"https:\/\/api.w.org\/{rel}","templated":true}]}}