{"id":1602,"date":"2026-03-17T19:25:37","date_gmt":"2026-03-17T18:25:37","guid":{"rendered":"https:\/\/www.laden-treff.de\/d\/?p=1602"},"modified":"2026-03-17T19:31:50","modified_gmt":"2026-03-17T18:31:50","slug":"testament-und-vorsorge-im-ladentreff","status":"publish","type":"post","link":"https:\/\/www.laden-treff.de\/d\/2026\/03\/17\/testament-und-vorsorge-im-ladentreff\/","title":{"rendered":"Testament und Vorsorge im LadenTreff"},"content":{"rendered":"\t\t<div data-elementor-type=\"wp-post\" data-elementor-id=\"1602\" class=\"elementor elementor-1602\">\n\t\t\t\t<div class=\"elementor-element elementor-element-9bc9d32 e-flex e-con-boxed e-con e-parent\" data-id=\"9bc9d32\" data-element_type=\"container\" data-e-type=\"container\">\n\t\t\t\t\t<div class=\"e-con-inner\">\n\t\t\t\t<div class=\"elementor-element elementor-element-55d95ce elementor-widget elementor-widget-spacer\" data-id=\"55d95ce\" data-element_type=\"widget\" data-e-type=\"widget\" data-widget_type=\"spacer.default\">\n\t\t\t\t<div class=\"elementor-widget-container\">\n\t\t\t\t\t\t\t<div class=\"elementor-spacer\">\n\t\t\t<div class=\"elementor-spacer-inner\"><\/div>\n\t\t<\/div>\n\t\t\t\t\t\t<\/div>\n\t\t\t\t<\/div>\n\t\t\t\t\t<\/div>\n\t\t\t\t<\/div>\n\t\t<div class=\"elementor-element elementor-element-4efe84b e-flex e-con-boxed e-con e-parent\" data-id=\"4efe84b\" data-element_type=\"container\" data-e-type=\"container\">\n\t\t\t\t\t<div class=\"e-con-inner\">\n\t\t\t\t<div class=\"elementor-element elementor-element-9f287d7 elementor-widget elementor-widget-heading\" data-id=\"9f287d7\" data-element_type=\"widget\" data-e-type=\"widget\" data-widget_type=\"heading.default\">\n\t\t\t\t<div class=\"elementor-widget-container\">\n\t\t\t\t\t<h2 class=\"elementor-heading-title elementor-size-default\">Testament und Vorsorge im LadenTreff<\/h2>\t\t\t\t<\/div>\n\t\t\t\t<\/div>\n\t\t\t\t\t<\/div>\n\t\t\t\t<\/div>\n\t\t<div class=\"elementor-element elementor-element-098031d e-flex e-con-boxed e-con e-parent\" data-id=\"098031d\" data-element_type=\"container\" data-e-type=\"container\">\n\t\t\t\t\t<div class=\"e-con-inner\">\n\t\t\t\t<div class=\"elementor-element elementor-element-cf56e66 elementor-widget elementor-widget-text-editor\" data-id=\"cf56e66\" data-element_type=\"widget\" data-e-type=\"widget\" data-widget_type=\"text-editor.default\">\n\t\t\t\t<div class=\"elementor-widget-container\">\n\t\t\t\t\t\t\t\t\t<p><span style=\"font-weight: 400;\">Wieder einmal zeigte der LadenTreff Hevensen-Wolbrechtshausen, dass er viel mehr sein kann als ein Einkaufsort. Im Rahmen fortgesetzter Veranstaltungen pr\u00e4sentierte er sich am 12.03. informativ und zukunftsorientiert.\u00a0<\/span><\/p><p><span style=\"font-weight: 400;\">Das Veranstaltungsteam lud ein zu einem generations\u00fcbergreifenden Austausch zu Fragen von Vorsorge, Gesundheit und Pflege. Und damit so wichtige Fragen auch auf hilfreiche Antworten sto\u00dfen, sorgte das Team auch f\u00fcr eine kompetente Referentin. Dr. Ulla Becker war viele Jahre bei der Landwirtschaftskammer Niedersachsen in der sozio\u00f6konomischen Beratung t\u00e4tig. Ein besonderer Schwerpunkt ihrer Arbeit lag auf dem Thema Vorsorge.<\/span><\/p><p><span style=\"font-weight: 400;\">Mit Frau Dr. Ulla Becker gelang es dem interessierten Publikum Orientierung zu finden in einem nicht unkomplizierten Themenbereich. Die Referentin sprach \u00fcber die juristische Logik von Erbfolgen und zeigte auf, wie eine sinnvolle Testamentsgestaltung in unterschiedlichen famili\u00e4ren Konstellationen aussehen kann. Das Publikum erfuhr, was eine Vorsorgevollmacht ist und was diese von einer Patientenverf\u00fcgung unterscheidet. An vielen realen Beispielen machte die Referentin deutlich, welche spannenden und z.T. \u00fcberraschenden Folgen Entscheidungen zu Erbe und Vorsorge haben k\u00f6nnen. All das geschah wie gewohnt in entspannter Atmosph\u00e4re. Das Publikum erhielt Antworten auf viele Fragen und f\u00fcllte die Pause bei Kaffee und Kuchen durch einen regen Austausch.<\/span><\/p><p><span style=\"font-weight: 400;\">Aufgrund der gro\u00dfen Nachfrage plant der LadenTreff f\u00fcr den Herbst eine weitere Veranstaltung zu dem Thema. Wer neugierig geworden ist, kann sich gern auf der Webseite des LadenTreff<\/span><span style=\"font-weight: 400;\">\u00a0anschauen, was in so einem Dorfladen alles m\u00f6glich gemacht werden kann und sich selbstverst\u00e4ndlich herzlich gern dem Unterst\u00fctzerkreis der Genossenschaft LadenTreff Alte Schule anschlie\u00dfen.<\/span><\/p><p><span style=\"font-weight: 400;\">f\u00fcr den LadenTreff<\/span><span style=\"font-weight: 400;\"><br \/><\/span><span style=\"font-weight: 400;\">Bernd Kasper<\/span><\/p>\t\t\t\t\t\t\t\t<\/div>\n\t\t\t\t<\/div>\n\t\t\t\t\t<\/div>\n\t\t\t\t<\/div>\n\t\t<div class=\"elementor-element elementor-element-927bcda e-flex e-con-boxed e-con e-parent\" data-id=\"927bcda\" data-element_type=\"container\" data-e-type=\"container\">\n\t\t\t\t\t<div class=\"e-con-inner\">\n\t\t\t\t<div class=\"elementor-element elementor-element-76b1b3d elementor-widget elementor-widget-image\" data-id=\"76b1b3d\" data-element_type=\"widget\" data-e-type=\"widget\" data-widget_type=\"image.default\">\n\t\t\t\t<div class=\"elementor-widget-container\">\n\t\t\t\t\t\t\t\t\t\t\t\t\t\t\t<img fetchpriority=\"high\" decoding=\"async\" width=\"1024\" height=\"735\" src=\"https:\/\/www.laden-treff.de\/d\/wp-content\/uploads\/2026\/03\/Testament-und-Vorsorge-Veranstaltung-1024x735.jpg\" class=\"attachment-large size-large wp-image-1605\" alt=\"\" srcset=\"https:\/\/www.laden-treff.de\/d\/wp-content\/uploads\/2026\/03\/Testament-und-Vorsorge-Veranstaltung-1024x735.jpg 1024w, https:\/\/www.laden-treff.de\/d\/wp-content\/uploads\/2026\/03\/Testament-und-Vorsorge-Veranstaltung-300x215.jpg 300w, https:\/\/www.laden-treff.de\/d\/wp-content\/uploads\/2026\/03\/Testament-und-Vorsorge-Veranstaltung-768x551.jpg 768w, https:\/\/www.laden-treff.de\/d\/wp-content\/uploads\/2026\/03\/Testament-und-Vorsorge-Veranstaltung-1536x1103.jpg 1536w, https:\/\/www.laden-treff.de\/d\/wp-content\/uploads\/2026\/03\/Testament-und-Vorsorge-Veranstaltung-2048x1470.jpg 2048w\" sizes=\"(max-width: 1024px) 100vw, 1024px\" \/>\t\t\t\t\t\t\t\t\t\t\t\t\t\t\t<\/div>\n\t\t\t\t<\/div>\n\t\t\t\t\t<\/div>\n\t\t\t\t<\/div>\n\t\t\t\t<\/div>\n\t\t","protected":false},"excerpt":{"rendered":"<p>Testament und Vorsorge im LadenTreff Wieder einmal zeigte der LadenTreff Hevensen-Wolbrechtshausen, dass er viel mehr sein kann als ein Einkaufsort. [&hellip;]<\/p>\n","protected":false},"author":5,"featured_media":1605,"comment_status":"open","ping_status":"open","sticky":false,"template":"elementor_header_footer","format":"standard","meta":{"site-sidebar-layout":"default","site-content-layout":"","ast-site-content-layout":"default","site-content-style":"default","site-sidebar-style":"default","ast-global-header-display":"","ast-banner-title-visibility":"","ast-main-header-display":"","ast-hfb-above-header-display":"","ast-hfb-below-header-display":"","ast-hfb-mobile-header-display":"","site-post-title":"","ast-breadcrumbs-content":"","ast-featured-img":"","footer-sml-layout":"","theme-transparent-header-meta":"default","adv-header-id-meta":"","stick-header-meta":"","header-above-stick-meta":"","header-main-stick-meta":"","header-below-stick-meta":"","astra-migrate-meta-layouts":"set","ast-page-background-enabled":"default","ast-page-background-meta":{"desktop":{"background-color":"var(--ast-global-color-4)","background-image":"","background-repeat":"repeat","background-position":"center center","background-size":"auto","background-attachment":"scroll","background-type":"","background-media":"","overlay-type":"","overlay-color":"","overlay-opacity":"","overlay-gradient":""},"tablet":{"background-color":"","background-image":"","background-repeat":"repeat","background-position":"center center","background-size":"auto","background-attachment":"scroll","background-type":"","background-media":"","overlay-type":"","overlay-color":"","overlay-opacity":"","overlay-gradient":""},"mobile":{"background-color":"","background-image":"","background-repeat":"repeat","background-position":"center center","background-size":"auto","background-attachment":"scroll","background-type":"","background-media":"","overlay-type":"","overlay-color":"","overlay-opacity":"","overlay-gradient":""}},"ast-content-background-meta":{"desktop":{"background-color":"var(--ast-global-color-5)","background-image":"","background-repeat":"repeat","background-position":"center center","background-size":"auto","background-attachment":"scroll","background-type":"","background-media":"","overlay-type":"","overlay-color":"","overlay-opacity":"","overlay-gradient":""},"tablet":{"background-color":"var(--ast-global-color-5)","background-image":"","background-repeat":"repeat","background-position":"center center","background-size":"auto","background-attachment":"scroll","background-type":"","background-media":"","overlay-type":"","overlay-color":"","overlay-opacity":"","overlay-gradient":""},"mobile":{"background-color":"var(--ast-global-color-5)","background-image":"","background-repeat":"repeat","background-position":"center center","background-size":"auto","background-attachment":"scroll","background-type":"","background-media":"","overlay-type":"","overlay-color":"","overlay-opacity":"","overlay-gradient":""}},"footnotes":""},"categories":[10],"tags":[],"class_list":["post-1602","post","type-post","status-publish","format-standard","has-post-thumbnail","hentry","category-aktuelles"],"yoast_head":"<!-- This site is optimized with the Yoast SEO plugin v27.5 - https:\/\/yoast.com\/product\/yoast-seo-wordpress\/ -->\n<title>Testament und Vorsorge im LadenTreff - Ladentreff Alte Schule<\/title>\n<meta name=\"robots\" content=\"index, follow, max-snippet:-1, max-image-preview:large, max-video-preview:-1\" \/>\n<link rel=\"canonical\" href=\"https:\/\/www.laden-treff.de\/d\/2026\/03\/17\/testament-und-vorsorge-im-ladentreff\/\" \/>\n<meta property=\"og:locale\" content=\"de_DE\" \/>\n<meta property=\"og:type\" content=\"article\" \/>\n<meta property=\"og:title\" content=\"Testament und Vorsorge im LadenTreff - Ladentreff Alte Schule\" \/>\n<meta property=\"og:description\" content=\"Testament und Vorsorge im LadenTreff Wieder einmal zeigte der LadenTreff Hevensen-Wolbrechtshausen, dass er viel mehr sein kann als ein Einkaufsort. [&hellip;]\" \/>\n<meta property=\"og:url\" content=\"https:\/\/www.laden-treff.de\/d\/2026\/03\/17\/testament-und-vorsorge-im-ladentreff\/\" \/>\n<meta property=\"og:site_name\" content=\"Ladentreff Alte Schule\" \/>\n<meta property=\"article:publisher\" content=\"https:\/\/www.facebook.com\/ladentreff\/\" \/>\n<meta property=\"article:published_time\" content=\"2026-03-17T18:25:37+00:00\" \/>\n<meta property=\"article:modified_time\" content=\"2026-03-17T18:31:50+00:00\" \/>\n<meta property=\"og:image\" content=\"https:\/\/www.laden-treff.de\/d\/wp-content\/uploads\/2026\/03\/Testament-und-Vorsorge-Veranstaltung-scaled.jpg\" \/>\n\t<meta property=\"og:image:width\" content=\"2560\" \/>\n\t<meta property=\"og:image:height\" content=\"1838\" \/>\n\t<meta property=\"og:image:type\" content=\"image\/jpeg\" \/>\n<meta name=\"author\" content=\"LadenTreff\" \/>\n<meta name=\"twitter:card\" content=\"summary_large_image\" \/>\n<meta name=\"twitter:label1\" content=\"Verfasst von\" \/>\n\t<meta name=\"twitter:data1\" content=\"LadenTreff\" \/>\n\t<meta name=\"twitter:label2\" content=\"Gesch\u00e4tzte Lesezeit\" \/>\n\t<meta name=\"twitter:data2\" content=\"2\u00a0Minuten\" \/>\n<script type=\"application\/ld+json\" class=\"yoast-schema-graph\">{\"@context\":\"https:\\\/\\\/schema.org\",\"@graph\":[{\"@type\":\"Article\",\"@id\":\"https:\\\/\\\/www.laden-treff.de\\\/d\\\/2026\\\/03\\\/17\\\/testament-und-vorsorge-im-ladentreff\\\/#article\",\"isPartOf\":{\"@id\":\"https:\\\/\\\/www.laden-treff.de\\\/d\\\/2026\\\/03\\\/17\\\/testament-und-vorsorge-im-ladentreff\\\/\"},\"author\":{\"name\":\"LadenTreff\",\"@id\":\"https:\\\/\\\/www.laden-treff.de\\\/d\\\/#\\\/schema\\\/person\\\/25fdc2037453b292bb7f8a688c1dc790\"},\"headline\":\"Testament und Vorsorge im LadenTreff\",\"datePublished\":\"2026-03-17T18:25:37+00:00\",\"dateModified\":\"2026-03-17T18:31:50+00:00\",\"mainEntityOfPage\":{\"@id\":\"https:\\\/\\\/www.laden-treff.de\\\/d\\\/2026\\\/03\\\/17\\\/testament-und-vorsorge-im-ladentreff\\\/\"},\"wordCount\":272,\"commentCount\":0,\"publisher\":{\"@id\":\"https:\\\/\\\/www.laden-treff.de\\\/d\\\/#organization\"},\"image\":{\"@id\":\"https:\\\/\\\/www.laden-treff.de\\\/d\\\/2026\\\/03\\\/17\\\/testament-und-vorsorge-im-ladentreff\\\/#primaryimage\"},\"thumbnailUrl\":\"https:\\\/\\\/www.laden-treff.de\\\/d\\\/wp-content\\\/uploads\\\/2026\\\/03\\\/Testament-und-Vorsorge-Veranstaltung-scaled.jpg\",\"articleSection\":[\"Aktuelles\"],\"inLanguage\":\"de\",\"potentialAction\":[{\"@type\":\"CommentAction\",\"name\":\"Comment\",\"target\":[\"https:\\\/\\\/www.laden-treff.de\\\/d\\\/2026\\\/03\\\/17\\\/testament-und-vorsorge-im-ladentreff\\\/#respond\"]}]},{\"@type\":\"WebPage\",\"@id\":\"https:\\\/\\\/www.laden-treff.de\\\/d\\\/2026\\\/03\\\/17\\\/testament-und-vorsorge-im-ladentreff\\\/\",\"url\":\"https:\\\/\\\/www.laden-treff.de\\\/d\\\/2026\\\/03\\\/17\\\/testament-und-vorsorge-im-ladentreff\\\/\",\"name\":\"Testament und Vorsorge im LadenTreff - Ladentreff Alte Schule\",\"isPartOf\":{\"@id\":\"https:\\\/\\\/www.laden-treff.de\\\/d\\\/#website\"},\"primaryImageOfPage\":{\"@id\":\"https:\\\/\\\/www.laden-treff.de\\\/d\\\/2026\\\/03\\\/17\\\/testament-und-vorsorge-im-ladentreff\\\/#primaryimage\"},\"image\":{\"@id\":\"https:\\\/\\\/www.laden-treff.de\\\/d\\\/2026\\\/03\\\/17\\\/testament-und-vorsorge-im-ladentreff\\\/#primaryimage\"},\"thumbnailUrl\":\"https:\\\/\\\/www.laden-treff.de\\\/d\\\/wp-content\\\/uploads\\\/2026\\\/03\\\/Testament-und-Vorsorge-Veranstaltung-scaled.jpg\",\"datePublished\":\"2026-03-17T18:25:37+00:00\",\"dateModified\":\"2026-03-17T18:31:50+00:00\",\"breadcrumb\":{\"@id\":\"https:\\\/\\\/www.laden-treff.de\\\/d\\\/2026\\\/03\\\/17\\\/testament-und-vorsorge-im-ladentreff\\\/#breadcrumb\"},\"inLanguage\":\"de\",\"potentialAction\":[{\"@type\":\"ReadAction\",\"target\":[\"https:\\\/\\\/www.laden-treff.de\\\/d\\\/2026\\\/03\\\/17\\\/testament-und-vorsorge-im-ladentreff\\\/\"]}]},{\"@type\":\"ImageObject\",\"inLanguage\":\"de\",\"@id\":\"https:\\\/\\\/www.laden-treff.de\\\/d\\\/2026\\\/03\\\/17\\\/testament-und-vorsorge-im-ladentreff\\\/#primaryimage\",\"url\":\"https:\\\/\\\/www.laden-treff.de\\\/d\\\/wp-content\\\/uploads\\\/2026\\\/03\\\/Testament-und-Vorsorge-Veranstaltung-scaled.jpg\",\"contentUrl\":\"https:\\\/\\\/www.laden-treff.de\\\/d\\\/wp-content\\\/uploads\\\/2026\\\/03\\\/Testament-und-Vorsorge-Veranstaltung-scaled.jpg\",\"width\":2560,\"height\":1838},{\"@type\":\"BreadcrumbList\",\"@id\":\"https:\\\/\\\/www.laden-treff.de\\\/d\\\/2026\\\/03\\\/17\\\/testament-und-vorsorge-im-ladentreff\\\/#breadcrumb\",\"itemListElement\":[{\"@type\":\"ListItem\",\"position\":1,\"name\":\"Startseite\",\"item\":\"https:\\\/\\\/www.laden-treff.de\\\/d\\\/\"},{\"@type\":\"ListItem\",\"position\":2,\"name\":\"Testament und Vorsorge im LadenTreff\"}]},{\"@type\":\"WebSite\",\"@id\":\"https:\\\/\\\/www.laden-treff.de\\\/d\\\/#website\",\"url\":\"https:\\\/\\\/www.laden-treff.de\\\/d\\\/\",\"name\":\"LadenTreff Alte Schule\",\"description\":\"Eine Website f\u00fcr den Dorfladen und das Dorfcaf\u00e9\",\"publisher\":{\"@id\":\"https:\\\/\\\/www.laden-treff.de\\\/d\\\/#organization\"},\"potentialAction\":[{\"@type\":\"SearchAction\",\"target\":{\"@type\":\"EntryPoint\",\"urlTemplate\":\"https:\\\/\\\/www.laden-treff.de\\\/d\\\/?s={search_term_string}\"},\"query-input\":{\"@type\":\"PropertyValueSpecification\",\"valueRequired\":true,\"valueName\":\"search_term_string\"}}],\"inLanguage\":\"de\"},{\"@type\":\"Organization\",\"@id\":\"https:\\\/\\\/www.laden-treff.de\\\/d\\\/#organization\",\"name\":\"Genossenschaft LadenTreff Alte Schule eG\",\"url\":\"https:\\\/\\\/www.laden-treff.de\\\/d\\\/\",\"logo\":{\"@type\":\"ImageObject\",\"inLanguage\":\"de\",\"@id\":\"https:\\\/\\\/www.laden-treff.de\\\/d\\\/#\\\/schema\\\/logo\\\/image\\\/\",\"url\":\"https:\\\/\\\/www.laden-treff.de\\\/d\\\/wp-content\\\/uploads\\\/2024\\\/04\\\/LOGO_LADENTREFF_DIN_A_4_CMYK-scaled.png\",\"contentUrl\":\"https:\\\/\\\/www.laden-treff.de\\\/d\\\/wp-content\\\/uploads\\\/2024\\\/04\\\/LOGO_LADENTREFF_DIN_A_4_CMYK-scaled.png\",\"width\":2560,\"height\":2560,\"caption\":\"Genossenschaft LadenTreff Alte Schule eG\"},\"image\":{\"@id\":\"https:\\\/\\\/www.laden-treff.de\\\/d\\\/#\\\/schema\\\/logo\\\/image\\\/\"},\"sameAs\":[\"https:\\\/\\\/www.facebook.com\\\/ladentreff\\\/\"]},{\"@type\":\"Person\",\"@id\":\"https:\\\/\\\/www.laden-treff.de\\\/d\\\/#\\\/schema\\\/person\\\/25fdc2037453b292bb7f8a688c1dc790\",\"name\":\"LadenTreff\",\"image\":{\"@type\":\"ImageObject\",\"inLanguage\":\"de\",\"@id\":\"https:\\\/\\\/secure.gravatar.com\\\/avatar\\\/480372782fe15de68eabf0dded5afec74468674e4cf3f8dce034434dd6e93426?s=96&d=mm&r=g\",\"url\":\"https:\\\/\\\/secure.gravatar.com\\\/avatar\\\/480372782fe15de68eabf0dded5afec74468674e4cf3f8dce034434dd6e93426?s=96&d=mm&r=g\",\"contentUrl\":\"https:\\\/\\\/secure.gravatar.com\\\/avatar\\\/480372782fe15de68eabf0dded5afec74468674e4cf3f8dce034434dd6e93426?s=96&d=mm&r=g\",\"caption\":\"LadenTreff\"},\"url\":\"https:\\\/\\\/www.laden-treff.de\\\/d\\\/author\\\/ladentreff\\\/\"}]}<\/script>\n<!-- \/ Yoast SEO plugin. -->","yoast_head_json":{"title":"Testament und Vorsorge im LadenTreff - Ladentreff Alte Schule","robots":{"index":"index","follow":"follow","max-snippet":"max-snippet:-1","max-image-preview":"max-image-preview:large","max-video-preview":"max-video-preview:-1"},"canonical":"https:\/\/www.laden-treff.de\/d\/2026\/03\/17\/testament-und-vorsorge-im-ladentreff\/","og_locale":"de_DE","og_type":"article","og_title":"Testament und Vorsorge im LadenTreff - Ladentreff Alte Schule","og_description":"Testament und Vorsorge im LadenTreff Wieder einmal zeigte der LadenTreff Hevensen-Wolbrechtshausen, dass er viel mehr sein kann als ein Einkaufsort. [&hellip;]","og_url":"https:\/\/www.laden-treff.de\/d\/2026\/03\/17\/testament-und-vorsorge-im-ladentreff\/","og_site_name":"Ladentreff Alte Schule","article_publisher":"https:\/\/www.facebook.com\/ladentreff\/","article_published_time":"2026-03-17T18:25:37+00:00","article_modified_time":"2026-03-17T18:31:50+00:00","og_image":[{"width":2560,"height":1838,"url":"https:\/\/www.laden-treff.de\/d\/wp-content\/uploads\/2026\/03\/Testament-und-Vorsorge-Veranstaltung-scaled.jpg","type":"image\/jpeg"}],"author":"LadenTreff","twitter_card":"summary_large_image","twitter_misc":{"Verfasst von":"LadenTreff","Gesch\u00e4tzte Lesezeit":"2\u00a0Minuten"},"schema":{"@context":"https:\/\/schema.org","@graph":[{"@type":"Article","@id":"https:\/\/www.laden-treff.de\/d\/2026\/03\/17\/testament-und-vorsorge-im-ladentreff\/#article","isPartOf":{"@id":"https:\/\/www.laden-treff.de\/d\/2026\/03\/17\/testament-und-vorsorge-im-ladentreff\/"},"author":{"name":"LadenTreff","@id":"https:\/\/www.laden-treff.de\/d\/#\/schema\/person\/25fdc2037453b292bb7f8a688c1dc790"},"headline":"Testament und Vorsorge im LadenTreff","datePublished":"2026-03-17T18:25:37+00:00","dateModified":"2026-03-17T18:31:50+00:00","mainEntityOfPage":{"@id":"https:\/\/www.laden-treff.de\/d\/2026\/03\/17\/testament-und-vorsorge-im-ladentreff\/"},"wordCount":272,"commentCount":0,"publisher":{"@id":"https:\/\/www.laden-treff.de\/d\/#organization"},"image":{"@id":"https:\/\/www.laden-treff.de\/d\/2026\/03\/17\/testament-und-vorsorge-im-ladentreff\/#primaryimage"},"thumbnailUrl":"https:\/\/www.laden-treff.de\/d\/wp-content\/uploads\/2026\/03\/Testament-und-Vorsorge-Veranstaltung-scaled.jpg","articleSection":["Aktuelles"],"inLanguage":"de","potentialAction":[{"@type":"CommentAction","name":"Comment","target":["https:\/\/www.laden-treff.de\/d\/2026\/03\/17\/testament-und-vorsorge-im-ladentreff\/#respond"]}]},{"@type":"WebPage","@id":"https:\/\/www.laden-treff.de\/d\/2026\/03\/17\/testament-und-vorsorge-im-ladentreff\/","url":"https:\/\/www.laden-treff.de\/d\/2026\/03\/17\/testament-und-vorsorge-im-ladentreff\/","name":"Testament und Vorsorge im LadenTreff - Ladentreff Alte Schule","isPartOf":{"@id":"https:\/\/www.laden-treff.de\/d\/#website"},"primaryImageOfPage":{"@id":"https:\/\/www.laden-treff.de\/d\/2026\/03\/17\/testament-und-vorsorge-im-ladentreff\/#primaryimage"},"image":{"@id":"https:\/\/www.laden-treff.de\/d\/2026\/03\/17\/testament-und-vorsorge-im-ladentreff\/#primaryimage"},"thumbnailUrl":"https:\/\/www.laden-treff.de\/d\/wp-content\/uploads\/2026\/03\/Testament-und-Vorsorge-Veranstaltung-scaled.jpg","datePublished":"2026-03-17T18:25:37+00:00","dateModified":"2026-03-17T18:31:50+00:00","breadcrumb":{"@id":"https:\/\/www.laden-treff.de\/d\/2026\/03\/17\/testament-und-vorsorge-im-ladentreff\/#breadcrumb"},"inLanguage":"de","potentialAction":[{"@type":"ReadAction","target":["https:\/\/www.laden-treff.de\/d\/2026\/03\/17\/testament-und-vorsorge-im-ladentreff\/"]}]},{"@type":"ImageObject","inLanguage":"de","@id":"https:\/\/www.laden-treff.de\/d\/2026\/03\/17\/testament-und-vorsorge-im-ladentreff\/#primaryimage","url":"https:\/\/www.laden-treff.de\/d\/wp-content\/uploads\/2026\/03\/Testament-und-Vorsorge-Veranstaltung-scaled.jpg","contentUrl":"https:\/\/www.laden-treff.de\/d\/wp-content\/uploads\/2026\/03\/Testament-und-Vorsorge-Veranstaltung-scaled.jpg","width":2560,"height":1838},{"@type":"BreadcrumbList","@id":"https:\/\/www.laden-treff.de\/d\/2026\/03\/17\/testament-und-vorsorge-im-ladentreff\/#breadcrumb","itemListElement":[{"@type":"ListItem","position":1,"name":"Startseite","item":"https:\/\/www.laden-treff.de\/d\/"},{"@type":"ListItem","position":2,"name":"Testament und Vorsorge im LadenTreff"}]},{"@type":"WebSite","@id":"https:\/\/www.laden-treff.de\/d\/#website","url":"https:\/\/www.laden-treff.de\/d\/","name":"LadenTreff Alte Schule","description":"Eine Website f\u00fcr den Dorfladen und das Dorfcaf\u00e9","publisher":{"@id":"https:\/\/www.laden-treff.de\/d\/#organization"},"potentialAction":[{"@type":"SearchAction","target":{"@type":"EntryPoint","urlTemplate":"https:\/\/www.laden-treff.de\/d\/?s={search_term_string}"},"query-input":{"@type":"PropertyValueSpecification","valueRequired":true,"valueName":"search_term_string"}}],"inLanguage":"de"},{"@type":"Organization","@id":"https:\/\/www.laden-treff.de\/d\/#organization","name":"Genossenschaft LadenTreff Alte Schule eG","url":"https:\/\/www.laden-treff.de\/d\/","logo":{"@type":"ImageObject","inLanguage":"de","@id":"https:\/\/www.laden-treff.de\/d\/#\/schema\/logo\/image\/","url":"https:\/\/www.laden-treff.de\/d\/wp-content\/uploads\/2024\/04\/LOGO_LADENTREFF_DIN_A_4_CMYK-scaled.png","contentUrl":"https:\/\/www.laden-treff.de\/d\/wp-content\/uploads\/2024\/04\/LOGO_LADENTREFF_DIN_A_4_CMYK-scaled.png","width":2560,"height":2560,"caption":"Genossenschaft LadenTreff Alte Schule eG"},"image":{"@id":"https:\/\/www.laden-treff.de\/d\/#\/schema\/logo\/image\/"},"sameAs":["https:\/\/www.facebook.com\/ladentreff\/"]},{"@type":"Person","@id":"https:\/\/www.laden-treff.de\/d\/#\/schema\/person\/25fdc2037453b292bb7f8a688c1dc790","name":"LadenTreff","image":{"@type":"ImageObject","inLanguage":"de","@id":"https:\/\/secure.gravatar.com\/avatar\/480372782fe15de68eabf0dded5afec74468674e4cf3f8dce034434dd6e93426?s=96&d=mm&r=g","url":"https:\/\/secure.gravatar.com\/avatar\/480372782fe15de68eabf0dded5afec74468674e4cf3f8dce034434dd6e93426?s=96&d=mm&r=g","contentUrl":"https:\/\/secure.gravatar.com\/avatar\/480372782fe15de68eabf0dded5afec74468674e4cf3f8dce034434dd6e93426?s=96&d=mm&r=g","caption":"LadenTreff"},"url":"https:\/\/www.laden-treff.de\/d\/author\/ladentreff\/"}]}},"_links":{"self":[{"href":"https:\/\/www.laden-treff.de\/d\/wp-json\/wp\/v2\/posts\/1602","targetHints":{"allow":["GET"]}}],"collection":[{"href":"https:\/\/www.laden-treff.de\/d\/wp-json\/wp\/v2\/posts"}],"about":[{"href":"https:\/\/www.laden-treff.de\/d\/wp-json\/wp\/v2\/types\/post"}],"author":[{"embeddable":true,"href":"https:\/\/www.laden-treff.de\/d\/wp-json\/wp\/v2\/users\/5"}],"replies":[{"embeddable":true,"href":"https:\/\/www.laden-treff.de\/d\/wp-json\/wp\/v2\/comments?post=1602"}],"version-history":[{"count":5,"href":"https:\/\/www.laden-treff.de\/d\/wp-json\/wp\/v2\/posts\/1602\/revisions"}],"predecessor-version":[{"id":1609,"href":"https:\/\/www.laden-treff.de\/d\/wp-json\/wp\/v2\/posts\/1602\/revisions\/1609"}],"wp:featuredmedia":[{"embeddable":true,"href":"https:\/\/www.laden-treff.de\/d\/wp-json\/wp\/v2\/media\/1605"}],"wp:attachment":[{"href":"https:\/\/www.laden-treff.de\/d\/wp-json\/wp\/v2\/media?parent=1602"}],"wp:term":[{"taxonomy":"category","embeddable":true,"href":"https:\/\/www.laden-treff.de\/d\/wp-json\/wp\/v2\/categories?post=1602"},{"taxonomy":"post_tag","embeddable":true,"href":"https:\/\/www.laden-treff.de\/d\/wp-json\/wp\/v2\/tags?post=1602"}],"curies":[{"name":"wp","href":"https:\/\/api.w.org\/{rel}","templated":true}]}}